[{"@context":"https:\/\/schema.org\/","@type":"Article","@id":"https:\/\/www.tech-vin.cz\/dite-do-skolky-ve-dvou-letech-ano-ci-ne\/#Article","mainEntityOfPage":"https:\/\/www.tech-vin.cz\/dite-do-skolky-ve-dvou-letech-ano-ci-ne\/","headline":"D\u00edt\u011b do \u0161kolky ve dvou letech: ano \u010di ne?","name":"D\u00edt\u011b do \u0161kolky ve dvou letech: ano \u010di ne?","description":"\u0160kolky dnes mohou p\u0159ij\u00edmat d\u011bti ji\u017e od dvou let. Co\u017e je pro mnoho maminek opravdu [&hellip;]","datePublished":"2025-02-24","dateModified":"2023-04-29","author":{"@type":"Person","@id":"https:\/\/www.tech-vin.cz\/author\/#Person","name":"tech-vin.cz\n","url":"https:\/\/www.tech-vin.cz\/author\/","identifier":1,"image":{"@type":"ImageObject","@id":"https:\/\/secure.gravatar.com\/avatar\/3064f57e4a87acc15ee08ce03d01afdc2a328e3d2da280f2bcfaabcbd486d62e?s=96&d=mm&r=g","url":"https:\/\/secure.gravatar.com\/avatar\/3064f57e4a87acc15ee08ce03d01afdc2a328e3d2da280f2bcfaabcbd486d62e?s=96&d=mm&r=g","height":96,"width":96}},"publisher":{"@type":"Organization","name":"tech-vin.cz","logo":{"@type":"ImageObject","@id":"\/logo.png","url":"\/logo.png","width":600,"height":60}},"image":{"@type":"ImageObject","@id":"https:\/\/www.tech-vin.cz\/wp-content\/uploads\/img_a308762_w1902_t1519827625.jpg","url":"https:\/\/www.tech-vin.cz\/wp-content\/uploads\/img_a308762_w1902_t1519827625.jpg","height":0,"width":0},"url":"https:\/\/www.tech-vin.cz\/dite-do-skolky-ve-dvou-letech-ano-ci-ne\/","about":["D\u011bti"],"wordCount":656,"articleBody":"\u0160kolky dnes mohou p\u0159ij\u00edmat d\u011bti ji\u017e od dvou let. Co\u017e je pro mnoho maminek opravdu dobr\u00e1 zpr\u00e1va. Ov\u0161em op\u011bt se objevuj\u00ed n\u00e1zory, kter\u00e9 tuto mo\u017enost naprosto shazuj\u00ed a podr\u00e1\u017eej\u00ed.Dne\u0161n\u00ed styly v\u00fdchovy jsou velice odli\u0161n\u00e9 od toho, jak se vychov\u00e1valy d\u011bti d\u0159\u00edve. S\u00a0d\u00edt\u011btem byste dnes m\u011bla b\u00fdt v\u00a0neust\u00e1l\u00e9m kontaktu, a jakmile si dovol\u00edte jej opustit by\u0165 jen na hodinu, abyste si za\u0161la v\u00a0naprost\u00e9m klidu nakoupit, jste pova\u017eov\u00e1na za krkav\u010d\u00ed matku. A to nemluv\u00edm o tom, \u017ee byste d\u00edt\u011b p\u0159enechala man\u017eelovi, abyste si za\u0161la s\u00a0kamar\u00e1dkou sama na kafe. Dne\u0161n\u00ed matky tr\u00e1v\u00ed ve\u0161ker\u00fd sv\u016fj \u010das na diskuz\u00edch na soci\u00e1ln\u00edch s\u00edt\u00edch, kde \u0159e\u0161\u00ed, kolikr\u00e1t se jejich miminko za den vykakalo, jakou barvu m\u011bla jeho stolice, co se d\u011bje, \u017ee miminko neusnulo p\u0159esn\u011b ve \u010dty\u0159i hodiny, kdy\u017e m\u011blo j\u00edt prost\u011b sp\u00e1t, a pro\u010d najednou vypilo o 10 ml m\u00e9n\u011b ml\u00e9ka ne\u017e obvykle\u2026 Jinak \u0159e\u010deno, \u0159e\u0161\u00ed zde absolutn\u00ed nesmysly, kter\u00fdmi se akor\u00e1t stresuj\u00ed a zbyte\u010dn\u011b zat\u011b\u017euj\u00ed. M\u00edsto, co by si u\u017e\u00edvali, jak se jejich miminko n\u00e1dhern\u011b sm\u011bje, aby jej vzali ven na proch\u00e1zku, tr\u00e1v\u00ed \u010das psan\u00edm t\u011bchto hloupost\u00ed. A to nen\u00ed \u0159e\u010d o pozd\u011bj\u0161\u00ed v\u00fdchov\u011b. Na d\u00edt\u011b ji\u017e nesm\u00edte ani zv\u00fd\u0161it hlas, abyste mu nezp\u016fsobila psychickou \u00fajmu, nato\u017e mu d\u00e1t pohlavek. Potom z\u00a0d\u011bt\u00ed rostou neuv\u011b\u0159iteln\u00ed mam\u00e1nci, kte\u0159\u00ed si bez m\u00e1my nejsou schopn\u00ed doj\u00edt ani na z\u00e1chod.To, \u017ee je umo\u017en\u011bn n\u00e1stup do \u0161kolky ji\u017e od dvou let, je pro mnoho maminek velk\u00fdm p\u0159\u00ednosem. Dne\u0161n\u00ed doba je velice slo\u017eit\u00e1 a z\u00a0mnoha d\u016fvod\u016f je pot\u0159eba chodit do pr\u00e1ce, a\u0165 u\u017e z\u00a0existen\u010dn\u00edch d\u016fvod\u016f, z\u00a0d\u016fvod\u016f vy\u0161\u0161\u00edch p\u0159\u00edjm\u016f pro lep\u0161\u00ed zaji\u0161t\u011bn\u00ed rodiny, nebo nap\u0159\u00edklad z\u00a0toho d\u016fvodu, \u017ee chce rodina sh\u00e1n\u011bt vlastn\u00ed bydlen\u00ed. Pro n\u00e1vrat do pr\u00e1ce je v\u0161ak \u0161kolka mnohdy nezbytn\u00e1.K\u00a0neuv\u011b\u0159iteln\u00e9mu dne\u0161n\u00edmu stylu v\u00fdchovy se v\u0161ak p\u0159ipojuj\u00ed nov\u00e9 n\u00e1zory na n\u00e1stup do \u0161kolky ji\u017e od dvou let. Samoz\u0159ejm\u011b, pokud d\u00e1te d\u00edt\u011b do \u0161kolky ji\u017e ve dvou letech \u2013 op\u011bt jste krkav\u010d\u00ed matka a sv\u00e9 d\u00edt\u011b snad v\u016fbec nemilujete, kdy\u017e jej ve dvou letech opust\u00edte, abyste \u0161la vyd\u011bl\u00e1vat pen\u00edze. A je \u00fapln\u011b jedno, jestli ty pen\u00edze pot\u0159ebujete k\u00a0tomu, abyste v\u016fbec p\u0159e\u017eili. D\u00edt\u011b p\u0159ece pot\u0159ebuje b\u00fdt v\u00a0tomto v\u011bku s\u00a0rodinou a vy je opust\u00edte.Uv\u011bdomuj\u00ed si v\u0161ak tito slavn\u00ed odborn\u00edci skute\u010dnost, \u017ee d\u0159\u00edve byly maminky nuceny d\u00e1vat d\u011bti do jesl\u00ed u\u017e mnohdy i po p\u016fl roce \u017eivota a prost\u011b museli j\u00edt do pr\u00e1ce? A maj\u00ed z\u00a0toho tito dnes dosp\u011bl\u00ed lid\u00e9 traumata? Bohu\u017eel situace mnoha maminek je r\u016fznorod\u00e1, n\u011bkter\u00e9 maminky maj\u00ed man\u017eela vyd\u011bl\u00e1vaj\u00edc\u00edho spoustu pen\u011bz, jin\u00e9 maminky skon\u010dily na v\u00fdchovu d\u011bt\u00ed samy a nic jin\u00e9ho jim nezb\u00fdv\u00e1. Nic se v\u0161ak nem\u011bn\u00ed na tom, \u017ee d\u00e1vaj\u00ed d\u00edt\u011bte m\u00e9n\u011b l\u00e1sky, ne\u017e maminky, kter\u00e9 jim d\u00e1vaj\u00ed spoustu materi\u00e1ln\u00edch v\u011bc\u00ed. N\u00e1stup d\u00edt\u011bte do \u0161kolky je slo\u017eit\u00fd pro maminku i d\u00edt\u011b v\u00a0ka\u017ed\u00e9m v\u011bku, je to jist\u00fd zp\u016fsob odlou\u010den\u00ed. Pokud je v\u0161ak d\u00edt\u011b rodi\u010di bezpodm\u00edne\u010dn\u011b milov\u00e1no, zvl\u00e1dne s\u00a0jejich pomoc\u00ed ka\u017edou slo\u017eit\u011bj\u0161\u00ed \u017eivotn\u00ed situaci.                                                                                                                                                                                                                                                                                                                                                                                                "},{"@context":"https:\/\/schema.org\/","@type":"BreadcrumbList","itemListElement":[{"@type":"ListItem","position":1,"name":"D\u00edt\u011b do \u0161kolky ve dvou letech: ano \u010di ne?","item":"https:\/\/www.tech-vin.cz\/dite-do-skolky-ve-dvou-letech-ano-ci-ne\/#breadcrumbitem"}]}]