[{"@context":"https:\/\/schema.org\/","@type":"Article","@id":"https:\/\/www.tech-vin.cz\/nabizime-vam-krasnou-dovolenou-v-nadhernem-prostredi\/#Article","mainEntityOfPage":"https:\/\/www.tech-vin.cz\/nabizime-vam-krasnou-dovolenou-v-nadhernem-prostredi\/","headline":"Nab\u00edz\u00edme v\u00e1m kr\u00e1snou dovolenou v n\u00e1dhern\u00e9m prost\u0159ed\u00ed","name":"Nab\u00edz\u00edme v\u00e1m kr\u00e1snou dovolenou v n\u00e1dhern\u00e9m prost\u0159ed\u00ed","description":"Ka\u017ed\u00fd nen\u00ed milovn\u00edkem mo\u0159e a koup\u00e1n\u00ed. My m\u016f\u017eeme nab\u00eddnout n\u011bco jin\u00e9ho. Je to p\u011b\u0161\u00ed turistika [&hellip;]","datePublished":"2025-02-08","dateModified":"2025-02-08","author":{"@type":"Person","@id":"https:\/\/www.tech-vin.cz\/author\/#Person","name":"tech-vin.cz\n","url":"https:\/\/www.tech-vin.cz\/author\/","identifier":1,"image":{"@type":"ImageObject","@id":"https:\/\/secure.gravatar.com\/avatar\/3064f57e4a87acc15ee08ce03d01afdc2a328e3d2da280f2bcfaabcbd486d62e?s=96&d=mm&r=g","url":"https:\/\/secure.gravatar.com\/avatar\/3064f57e4a87acc15ee08ce03d01afdc2a328e3d2da280f2bcfaabcbd486d62e?s=96&d=mm&r=g","height":96,"width":96}},"publisher":{"@type":"Organization","name":"tech-vin.cz","logo":{"@type":"ImageObject","@id":"\/logo.png","url":"\/logo.png","width":600,"height":60}},"url":"https:\/\/www.tech-vin.cz\/nabizime-vam-krasnou-dovolenou-v-nadhernem-prostredi\/","wordCount":190,"articleBody":" Ka\u017ed\u00fd nen\u00ed milovn\u00edkem mo\u0159e a koup\u00e1n\u00ed. My m\u016f\u017eeme nab\u00eddnout n\u011bco jin\u00e9ho. Je to p\u011b\u0161\u00ed turistika nebo cykloturistika. U n\u00e1s m\u00e1me vhodn\u00e9 cyklostezky, kter\u00e9 v\u00e1s dovedou a\u017e do sousedn\u00edho Polska. P\u0159i n\u00e1v\u0161t\u011bv\u011b si m\u016f\u017eete nejen u\u017e\u00edvat kr\u00e1sn\u00fdch proch\u00e1zek, p\u0159i kter\u00fdch budete d\u00fdchat \u010dist\u00fd vzduch, ale pozn\u00e1te i zaj\u00edmav\u00e1 m\u00edsta. V\u00fdhodou je, \u017ee zde je\u0161t\u011b nen\u00ed tolik lid\u00ed jako t\u0159eba v Krkono\u0161\u00edch. S ubytov\u00e1n\u00edm Jesen\u00edky v na\u0161em hotelu Kurzovn\u00ed po\u010d\u00edt\u00e1me. V na\u0161\u00ed nab\u00eddce jsou i pestr\u00e9 pobytov\u00e9 bal\u00ed\u010dky Nev\u00edte, kam vyjet na dovolenou? M\u016f\u017eeme v\u00e1m poradit zastavit se u n\u00e1s. Na\u0161e hory a zdej\u0161\u00ed \u010darokr\u00e1sn\u00e1 p\u0159\u00edroda ve v\u00e1s zanechaj\u00ed ty nejhez\u010d\u00ed vzpom\u00ednky. M\u016f\u017eete si zaj\u00edt na Prad\u011bd. Je to nejvy\u0161\u0161\u00ed hora na cel\u00e9 Morav\u011b. Na vrcholu najdete televizn\u00ed vys\u00edla\u010d, ale tak\u00e9 restauraci, kde se m\u016f\u017eete ob\u010derstvit. Ubytov\u00e1n\u00ed Jesen\u00edky se o v\u00e1s velmi dob\u0159e postar\u00e1.                                                                                                                                                                                                                                                                                                                                                                                                "},{"@context":"https:\/\/schema.org\/","@type":"BreadcrumbList","itemListElement":[{"@type":"ListItem","position":1,"name":"Nab\u00edz\u00edme v\u00e1m kr\u00e1snou dovolenou v n\u00e1dhern\u00e9m prost\u0159ed\u00ed","item":"https:\/\/www.tech-vin.cz\/nabizime-vam-krasnou-dovolenou-v-nadhernem-prostredi\/#breadcrumbitem"}]}]